{"id":379,"date":"2025-05-24T10:34:44","date_gmt":"2025-05-24T13:34:44","guid":{"rendered":"https:\/\/regional3.sbenbio.org.br\/?p=379"},"modified":"2025-05-24T10:34:45","modified_gmt":"2025-05-24T13:34:45","slug":"quarta-circular-xi-encontro-regional-sul-de-ensino-de-biologia-erebio-sul-2025","status":"publish","type":"post","link":"https:\/\/regional3.sbenbio.org.br\/index.php\/2025\/05\/24\/quarta-circular-xi-encontro-regional-sul-de-ensino-de-biologia-erebio-sul-2025\/","title":{"rendered":"Quarta Circular \u2013 XI ENCONTRO REGIONAL SUL DE ENSINO DE BIOLOGIA \u2013 EREBio Sul 2025"},"content":{"rendered":"\n<p><\/p>\n\n\n\n<p>Querida comunidade do Ensino de Biologia e Educa\u00e7\u00e3o em Ci\u00eancias,<\/p>\n\n\n\n<p>Voc\u00eas pediram e o comit\u00ea cient\u00edfico atendeu: o prazo final para submiss\u00e3o de trabalhos foi prorrogado para o dia <strong>10 de junho<\/strong>  de 2025! A formata\u00e7\u00e3o dos textos, as linhas tem\u00e1ticas e mais informa\u00e7\u00f5es sobre o evento voc\u00ea sabe onde encontrar, n\u00e9?<br>Corre l\u00e1 no nosso<a href=\"https:\/\/www.even3.com.br\/erebiosul2025\/\"><strong> s\u00edtio web.<\/strong><\/a><\/p>\n\n\n\n<p>Nosso evento quer reunir professores, pesquisadores e estudantes para celebrar as \u201cVozes do Sul educador: 20 anos de hist\u00f3rias, mem\u00f3rias e resist\u00eancias\u201d. Pensando nisso, sabe aquela foto do seu grupo de pesquisa que merece ser compartilhada com a nossa comunidade? Manda para n\u00f3s em <strong><a href=\"maito:sbenbio03@gmail.com\">sbenbio03@gmail.com.<\/a><\/strong> E se voc\u00ea for dessas pessoas que guarda fotos e tiver alguma coisa dos eventos anteriores da Regional 3, envie tamb\u00e9m, por favor. Estamos construindo um acervo que vai deixar nossa celebra\u00e7\u00e3o ainda mais bonita e acolhedora.<\/p>\n\n\n\n<p>Saibam tamb\u00e9m que a semana acad\u00eamica do curso de Ci\u00eancias Biol\u00f3gicas da Universidade Federal do Paran\u00e1 (UFPR), Curitiba &#8211;  PR vai acontecer junto ao nosso evento e o Centro Acad\u00eamico organizou um grupo de whatsapp para integra\u00e7\u00e3o entre os estudantes do XI EREBio Sul. <a href=\"https:\/\/chat.whatsapp.com\/I1THxyPUKgcCgQxEt9HAkH\"><strong>Clique no link<\/strong><\/a> para participar.<br><\/p>\n\n\n\n<p>Para quem j\u00e1 est\u00e1 ansioso, avisamos que na pr\u00f3xima circular traremos informa\u00e7\u00f5es sobre minicursos, sobre a festa e muito mais. Fiquem atentos tamb\u00e9m na nossa rede social para saber de tudo em primeira m\u00e3o. Qualquer d\u00favida, claro, entrem<br>em contato.<br><\/p>\n\n\n\n<p>Ah, um outro assunto antes de encerrar: para facilitar a estadia de voc\u00eas, o comit\u00ea local elaborou uma lista de op\u00e7\u00f5es de hospedagem pr\u00f3ximas ao local do evento: o campus Rebou\u00e7as da UFPR. Consultem a lista e fa\u00e7am suas reservas! Neste documento h\u00e1 tamb\u00e9m op\u00e7\u00f5es de restaurante e lazer.<\/p>\n\n\n\n<p><strong>Comiss\u00e3o organizadora do XI EREBio Sul<\/strong><br>Diretoria Regional 3 (RS\/SC\/PR)<br>Gest\u00e3o 2023 &#8211; 2025<\/p>\n\n\n\n<p><a href=\"https:\/\/regional3.sbenbio.org.br\/xi_erebio\/Circular_4_EREBioSul_2025.pdf\"><strong>Leia a vers\u00e3o em PDF<\/strong><\/a><\/p>\n","protected":false},"excerpt":{"rendered":"<p>Voc\u00eas pediram e o comit\u00ea cient\u00edfico atendeu: o prazo final para submiss\u00e3o de trabalhos foi prorrogado para o dia 10 de junho  de 2025! A formata\u00e7\u00e3o dos textos, as linhas tem\u00e1ticas e mais informa\u00e7\u00f5es sobre o evento voc\u00ea sabe onde encontrar, n\u00e9?<\/p>\n","protected":false},"author":1,"featured_media":344,"comment_status":"closed","ping_status":"open","sticky":false,"template":"","format":"standard","meta":{"_et_pb_use_builder":"off","_et_pb_old_content":"","_et_gb_content_width":"","footnotes":""},"categories":[1],"tags":[],"class_list":["post-379","post","type-post","status-publish","format-standard","has-post-thumbnail","hentry","category-sem-categoria"],"_links":{"self":[{"href":"https:\/\/regional3.sbenbio.org.br\/index.php\/wp-json\/wp\/v2\/posts\/379","targetHints":{"allow":["GET"]}}],"collection":[{"href":"https:\/\/regional3.sbenbio.org.br\/index.php\/wp-json\/wp\/v2\/posts"}],"about":[{"href":"https:\/\/regional3.sbenbio.org.br\/index.php\/wp-json\/wp\/v2\/types\/post"}],"author":[{"embeddable":true,"href":"https:\/\/regional3.sbenbio.org.br\/index.php\/wp-json\/wp\/v2\/users\/1"}],"replies":[{"embeddable":true,"href":"https:\/\/regional3.sbenbio.org.br\/index.php\/wp-json\/wp\/v2\/comments?post=379"}],"version-history":[{"count":1,"href":"https:\/\/regional3.sbenbio.org.br\/index.php\/wp-json\/wp\/v2\/posts\/379\/revisions"}],"predecessor-version":[{"id":380,"href":"https:\/\/regional3.sbenbio.org.br\/index.php\/wp-json\/wp\/v2\/posts\/379\/revisions\/380"}],"wp:featuredmedia":[{"embeddable":true,"href":"https:\/\/regional3.sbenbio.org.br\/index.php\/wp-json\/wp\/v2\/media\/344"}],"wp:attachment":[{"href":"https:\/\/regional3.sbenbio.org.br\/index.php\/wp-json\/wp\/v2\/media?parent=379"}],"wp:term":[{"taxonomy":"category","embeddable":true,"href":"https:\/\/regional3.sbenbio.org.br\/index.php\/wp-json\/wp\/v2\/categories?post=379"},{"taxonomy":"post_tag","embeddable":true,"href":"https:\/\/regional3.sbenbio.org.br\/index.php\/wp-json\/wp\/v2\/tags?post=379"}],"curies":[{"name":"wp","href":"https:\/\/api.w.org\/{rel}","templated":true}]}}