{"id":346,"date":"2024-06-05T18:59:22","date_gmt":"2024-06-05T21:59:22","guid":{"rendered":"https:\/\/regional3.sbenbio.org.br\/?p=346"},"modified":"2025-02-28T19:11:07","modified_gmt":"2025-02-28T22:11:07","slug":"vem-ai-xi-encontro-regional-sul-de-ensino-de-biologia-erebio-sul-2025","status":"publish","type":"post","link":"https:\/\/regional3.sbenbio.org.br\/index.php\/2024\/06\/05\/vem-ai-xi-encontro-regional-sul-de-ensino-de-biologia-erebio-sul-2025\/","title":{"rendered":"VEM AI: XI Encontro Regional Sul de Ensino de Biologia &#8211; EREBio Sul 2025"},"content":{"rendered":"\n<figure class=\"wp-block-image aligncenter size-large is-resized\"><img loading=\"lazy\" decoding=\"async\" width=\"1024\" height=\"410\" src=\"https:\/\/regional3.sbenbio.org.br\/wp-content\/uploads\/2025\/02\/erebiosul2025_fundo_branco-1024x410.jpg\" alt=\"\" class=\"wp-image-344\" style=\"width:544px;height:auto\" srcset=\"https:\/\/regional3.sbenbio.org.br\/wp-content\/uploads\/2025\/02\/erebiosul2025_fundo_branco-1024x410.jpg 1024w, https:\/\/regional3.sbenbio.org.br\/wp-content\/uploads\/2025\/02\/erebiosul2025_fundo_branco-980x392.jpg 980w, https:\/\/regional3.sbenbio.org.br\/wp-content\/uploads\/2025\/02\/erebiosul2025_fundo_branco-480x192.jpg 480w\" sizes=\"auto, (min-width: 0px) and (max-width: 480px) 480px, (min-width: 481px) and (max-width: 980px) 980px, (min-width: 981px) 1024px, 100vw\" \/><\/figure>\n\n\n\n<p class=\"has-text-align-center\"><strong>XI Encontro Regional Sul de Ensino de Biologia &#8211; EREBio Sul 2025<\/strong><\/p>\n\n\n\n<p class=\"has-text-align-center\"><strong>12\/10\/2025 \u2013 14\/10\/2025 &#8211; 16:00 &#8211; 20:00 GMT-3<\/strong><br>Presencial Universidade Federal do Paran\u00e1 &#8211; campus Rebou\u00e7as &#8211; Curitiba &#8211; Paran\u00e1 &#8211; Brasil<\/p>\n\n\n\n<p class=\"has-medium-font-size\"><strong>Sobre o evento<\/strong><\/p>\n\n\n\n<p>O Encontro Regional Sul de Ensino de Biologia (EREBio Sul) reunir\u00e1 a comunidade de professores, pesquisadores e entusiastas da educa\u00e7\u00e3o cient\u00edfica e do ensino de Ci\u00eancias e Biologia.<\/p>\n\n\n\n<p>Em 2025, o evento retornar\u00e1 \u00e0 cidade onde sua hist\u00f3ria come\u00e7ou, Curitiba, capital do Paran\u00e1.<\/p>\n\n\n\n<p>O tema desta edi\u00e7\u00e3o ser\u00e1 \u201cVozes do Sul educador: 20 anos de hist\u00f3rias, mem\u00f3rias e resist\u00eancias\u201d. A ideia \u00e9 resgatar e celebrar as ra\u00edzes, divulgar e enaltecer a diversidade das produ\u00e7\u00f5es cient\u00edficas da comunidade acad\u00eamica e escolar.<\/p>\n\n\n\n<p>Conhe\u00e7a mais sobre a SBEnBio e sobre o EREBios anteriores em nosso s\u00edtio web &lt; <a href=\"https:\/\/regional3.sbenbio.org.br\/\">https:\/\/regional3.sbenbio.org.br\/<\/a> ><\/p>\n\n\n\n<p>Filie-se pelo &lt; <strong><a href=\"https:\/\/www.sbenbio.org.br\/geral\/filiacoes-e-pagamento-de-anuidades\/\">https:\/\/www.sbenbio.org.br\/geral\/filiacoes-e-pagamento-de-anuidades\/<\/a><\/strong> ><\/p>\n\n\n\n<p>Para conhecer as modalidades e normas para o envio de trabalhos em 2025, role at\u00e9 a se\u00e7\u00e3o espec\u00edfica, abaixo.<\/p>\n\n\n\n<p><\/p>\n\n\n\n<p>Gest\u00e3o 2023-2025 <\/p>\n","protected":false},"excerpt":{"rendered":"<p>XI Encontro Regional Sul de Ensino de Biologia &#8211; EREBio Sul 2025 12\/10\/2025 \u2013 14\/10\/2025 &#8211; 16:00 &#8211; 20:00 GMT-3Presencial Universidade Federal do Paran\u00e1 &#8211; campus Rebou\u00e7as &#8211; Curitiba &#8211; Paran\u00e1 &#8211; Brasil Sobre o evento O Encontro Regional Sul de Ensino de Biologia (EREBio Sul) reunir\u00e1 a comunidade de professores, pesquisadores e entusiastas da [&hellip;]<\/p>\n","protected":false},"author":1,"featured_media":344,"comment_status":"closed","ping_status":"open","sticky":false,"template":"","format":"standard","meta":{"_et_pb_use_builder":"off","_et_pb_old_content":"","_et_gb_content_width":"","footnotes":""},"categories":[1],"tags":[],"class_list":["post-346","post","type-post","status-publish","format-standard","has-post-thumbnail","hentry","category-sem-categoria"],"_links":{"self":[{"href":"https:\/\/regional3.sbenbio.org.br\/index.php\/wp-json\/wp\/v2\/posts\/346","targetHints":{"allow":["GET"]}}],"collection":[{"href":"https:\/\/regional3.sbenbio.org.br\/index.php\/wp-json\/wp\/v2\/posts"}],"about":[{"href":"https:\/\/regional3.sbenbio.org.br\/index.php\/wp-json\/wp\/v2\/types\/post"}],"author":[{"embeddable":true,"href":"https:\/\/regional3.sbenbio.org.br\/index.php\/wp-json\/wp\/v2\/users\/1"}],"replies":[{"embeddable":true,"href":"https:\/\/regional3.sbenbio.org.br\/index.php\/wp-json\/wp\/v2\/comments?post=346"}],"version-history":[{"count":1,"href":"https:\/\/regional3.sbenbio.org.br\/index.php\/wp-json\/wp\/v2\/posts\/346\/revisions"}],"predecessor-version":[{"id":347,"href":"https:\/\/regional3.sbenbio.org.br\/index.php\/wp-json\/wp\/v2\/posts\/346\/revisions\/347"}],"wp:featuredmedia":[{"embeddable":true,"href":"https:\/\/regional3.sbenbio.org.br\/index.php\/wp-json\/wp\/v2\/media\/344"}],"wp:attachment":[{"href":"https:\/\/regional3.sbenbio.org.br\/index.php\/wp-json\/wp\/v2\/media?parent=346"}],"wp:term":[{"taxonomy":"category","embeddable":true,"href":"https:\/\/regional3.sbenbio.org.br\/index.php\/wp-json\/wp\/v2\/categories?post=346"},{"taxonomy":"post_tag","embeddable":true,"href":"https:\/\/regional3.sbenbio.org.br\/index.php\/wp-json\/wp\/v2\/tags?post=346"}],"curies":[{"name":"wp","href":"https:\/\/api.w.org\/{rel}","templated":true}]}}