{"id":343,"date":"2025-02-28T18:45:06","date_gmt":"2025-02-28T21:45:06","guid":{"rendered":"https:\/\/regional3.sbenbio.org.br\/?p=343"},"modified":"2025-03-02T08:37:44","modified_gmt":"2025-03-02T11:37:44","slug":"segunda-circular-xi-encontro-regional-sul-de-ensino-de-biologia-erebio-sul-2025","status":"publish","type":"post","link":"https:\/\/regional3.sbenbio.org.br\/index.php\/2025\/02\/28\/segunda-circular-xi-encontro-regional-sul-de-ensino-de-biologia-erebio-sul-2025\/","title":{"rendered":"Segunda Circular \u2013 XI ENCONTRO REGIONAL SUL DE ENSINO DE BIOLOGIA \u2013 EREBio Sul 2025"},"content":{"rendered":"\n<p class=\"has-text-align-center has-medium-font-size\"><strong>SEGUNDA CIRCULAR<\/strong><\/p>\n\n\n\n<p class=\"has-small-font-size\"><br>Cara comunidade do Ensino de Biologia e Educa\u00e7\u00e3o em Ci\u00eancias,<br>Um novo ano se avizinha e \u00e9 tempo para boas mem\u00f3rias e novos planos. Por isso, convidamos voc\u00ea a relembrar conosco as dez edi\u00e7\u00f5es anteriores do Encontro Regional Sul de Biologia, ou, mesmo, come\u00e7ar a fazer parte dessa hist\u00f3ria.<br>Em 2025, o EREBio Sul voltar\u00e1 \u00e0 Universidade Federal do Paran\u00e1, em Curitiba, onde tudo come\u00e7ou, h\u00e1 20 anos. O evento acontecer\u00e1 entre 12 e 14 de outubro, e ter\u00e1 como tema as \u201cVozes do Sul educador: 20 anos de hist\u00f3rias, mem\u00f3rias e resist\u00eancias\u201d.<br>Ser\u00e3o quatro esta\u00e7\u00f5es de debates, uma arena l\u00fadica, sete minicursos, uma exposi\u00e7\u00e3o art\u00edstica e muitos trabalhos apresentados em tr\u00eas modalidades (relatos de pesquisa, relatos de experi\u00eancia e exposi\u00e7\u00e3o\/viv\u00eancia de jogos ou materiais educacionais).<br>As submiss\u00f5es iniciam no dia 01 de mar\u00e7o e encerram em 25 de maio de 2025, para todas as modalidades. Os resultados das avalia\u00e7\u00f5es sair\u00e3o at\u00e9 15 de julho. As inscri\u00e7\u00f5es iniciam tamb\u00e9m em 01 de mar\u00e7o, j\u00e1 com a possibilidade de escolha de um dos<br>minicursos.<br>O evento contar\u00e1 com a parceria de peri\u00f3dicos da \u00e1rea de Ensino de Ci\u00eancias, havendo uma sele\u00e7\u00e3o de trabalhos para dossi\u00eas espec\u00edficos.<br>Acompanhe tudo sobre o evento pelo s\u00edtio web &lt; <a href=\"https:\/\/www.even3.com.br\/xi-encontro-regional-sul-de-ensino-de-biologia-erebio-sul-2025-505578\/\">https:\/\/www.even3.com.br\/xi-encontro-regional-sul-de-ensino-de-biologia-erebio-sul-2025-505578\/<\/a> > e pelo Instagram\u00ae da SBEnBio 3 &lt; <a href=\"https:\/\/www.instagram.com\/sbenbio3\/\">https:\/\/www.instagram.com\/sbenbio3\/<\/a> >.<br>Aguardamos voc\u00eas para celebrar e aprender juntos.<\/p>\n\n\n\n<p><\/p>\n\n\n\n<p><\/p>\n\n\n\n<figure class=\"wp-block-image size-large is-resized\"><img loading=\"lazy\" decoding=\"async\" width=\"1024\" height=\"323\" src=\"https:\/\/regional3.sbenbio.org.br\/wp-content\/uploads\/2024\/06\/logo_regional_3-1024x323.jpg\" alt=\"\" class=\"wp-image-288\" style=\"width:237px;height:auto\" srcset=\"https:\/\/regional3.sbenbio.org.br\/wp-content\/uploads\/2024\/06\/logo_regional_3-980x309.jpg 980w, https:\/\/regional3.sbenbio.org.br\/wp-content\/uploads\/2024\/06\/logo_regional_3-480x151.jpg 480w\" sizes=\"auto, (min-width: 0px) and (max-width: 480px) 480px, (min-width: 481px) and (max-width: 980px) 980px, (min-width: 981px) 1024px, 100vw\" \/><\/figure>\n\n\n\n<p>Gest\u00e3o 2023-2025<\/p>\n\n\n\n<p><a href=\"https:\/\/regional3.sbenbio.org.br\/xi_erebio\/Circular_2_EREBioSul_2025.pdf\"><strong>Leia a vers\u00e3o em PDF<\/strong><\/a><\/p>\n\n\n\n<p><\/p>\n\n\n\n<hr class=\"wp-block-separator has-alpha-channel-opacity\"\/>\n","protected":false},"excerpt":{"rendered":"<p>SEGUNDA CIRCULAR Cara comunidade do Ensino de Biologia e Educa\u00e7\u00e3o em Ci\u00eancias,Um novo ano se avizinha e \u00e9 tempo para boas mem\u00f3rias e novos planos. Por isso, convidamos voc\u00ea a relembrar conosco as dez edi\u00e7\u00f5es anteriores do Encontro Regional Sul de Biologia, ou, mesmo, come\u00e7ar a fazer parte dessa hist\u00f3ria.Em 2025, o EREBio Sul voltar\u00e1 [&hellip;]<\/p>\n","protected":false},"author":1,"featured_media":344,"comment_status":"closed","ping_status":"open","sticky":false,"template":"","format":"standard","meta":{"_et_pb_use_builder":"off","_et_pb_old_content":"","_et_gb_content_width":"","footnotes":""},"categories":[1],"tags":[],"class_list":["post-343","post","type-post","status-publish","format-standard","has-post-thumbnail","hentry","category-sem-categoria"],"_links":{"self":[{"href":"https:\/\/regional3.sbenbio.org.br\/index.php\/wp-json\/wp\/v2\/posts\/343","targetHints":{"allow":["GET"]}}],"collection":[{"href":"https:\/\/regional3.sbenbio.org.br\/index.php\/wp-json\/wp\/v2\/posts"}],"about":[{"href":"https:\/\/regional3.sbenbio.org.br\/index.php\/wp-json\/wp\/v2\/types\/post"}],"author":[{"embeddable":true,"href":"https:\/\/regional3.sbenbio.org.br\/index.php\/wp-json\/wp\/v2\/users\/1"}],"replies":[{"embeddable":true,"href":"https:\/\/regional3.sbenbio.org.br\/index.php\/wp-json\/wp\/v2\/comments?post=343"}],"version-history":[{"count":5,"href":"https:\/\/regional3.sbenbio.org.br\/index.php\/wp-json\/wp\/v2\/posts\/343\/revisions"}],"predecessor-version":[{"id":361,"href":"https:\/\/regional3.sbenbio.org.br\/index.php\/wp-json\/wp\/v2\/posts\/343\/revisions\/361"}],"wp:featuredmedia":[{"embeddable":true,"href":"https:\/\/regional3.sbenbio.org.br\/index.php\/wp-json\/wp\/v2\/media\/344"}],"wp:attachment":[{"href":"https:\/\/regional3.sbenbio.org.br\/index.php\/wp-json\/wp\/v2\/media?parent=343"}],"wp:term":[{"taxonomy":"category","embeddable":true,"href":"https:\/\/regional3.sbenbio.org.br\/index.php\/wp-json\/wp\/v2\/categories?post=343"},{"taxonomy":"post_tag","embeddable":true,"href":"https:\/\/regional3.sbenbio.org.br\/index.php\/wp-json\/wp\/v2\/tags?post=343"}],"curies":[{"name":"wp","href":"https:\/\/api.w.org\/{rel}","templated":true}]}}