{"id":328,"date":"2024-10-17T07:00:28","date_gmt":"2024-10-17T10:00:28","guid":{"rendered":"https:\/\/regional3.sbenbio.org.br\/?p=328"},"modified":"2025-03-02T08:36:22","modified_gmt":"2025-03-02T11:36:22","slug":"primeira-circular-xi-encontro-regional-sul-de-ensino-de-biologia-erebio-sul-2025","status":"publish","type":"post","link":"https:\/\/regional3.sbenbio.org.br\/index.php\/2024\/10\/17\/primeira-circular-xi-encontro-regional-sul-de-ensino-de-biologia-erebio-sul-2025\/","title":{"rendered":"Primeira Circular &#8211; XI ENCONTRO REGIONAL SUL DE ENSINO DE BIOLOGIA &#8211; EREBio Sul 2025"},"content":{"rendered":"\n<p><\/p>\n\n\n\n<p class=\"has-text-align-center has-medium-font-size\"><strong>Primeira Circular<\/strong><\/p>\n\n\n\n<p><\/p>\n\n\n\n<p>Cara comunidade do Ensino de Biologia e Educa\u00e7\u00e3o em Ci\u00eancias,<\/p>\n\n\n\n<p><br>\u00c9 com imensa alegria que informamos que o Encontro Regional Sul de Ensino de Biologia (EREBio Sul) retornar\u00e1 \u00e0 cidade onde sua hist\u00f3ria come\u00e7ou, Curitiba, capital do Paran\u00e1, em 2025. Com o tema \u201cVozes do Sul educador: 20 anos de hist\u00f3rias, mem\u00f3rias e resist\u00eancias\u201d almejamos resgatar e celebrar nossas ra\u00edzes, al\u00e9m de divulgar e enaltecer a diversidade nas produ\u00e7\u00f5es cient\u00edficas de nossa comunidade acad\u00eamica e escolar. Estaremos juntos, de forma inteiramente presencial, para fazer deste (re)encontro um  momento de celebra\u00e7\u00e3o, de fortalecimento e de troca de conhecimentos, que nem a pandemia ou as enchentes em Santa Catarina e Rio Grande do Sul foram capazes de apagar.<br><\/p>\n\n\n\n<p>\u00c9 chegada a hora de reagrupar!<br><\/p>\n\n\n\n<p>O <strong>XI EREBio<\/strong> Sul ter\u00e1 como anfitri\u00e3 a Universidade Federal do Paran\u00e1 (UFPR) e ocorrer\u00e1 nos dias 12, 13 e 14 de outubro de 2025. Al\u00e9m de palestras e simp\u00f3sios, tr\u00eas modalidades de apresenta\u00e7\u00e3o de trabalhos est\u00e3o previstas: relatos de pesquisa, relatos de experi\u00eancia e exposi\u00e7\u00e3o\/viv\u00eancia de jogos e materiais educacionais.<br>Enquanto n\u00e3o divulgamos detalhes para a inscri\u00e7\u00e3o e as orienta\u00e7\u00f5es para a submiss\u00e3o dos trabalhos, sugerimos que atualize ou realize sua filia\u00e7\u00e3o na SBEnBio pelo s\u00edtio web <a href=\"https:\/\/regional3.sbenbio.org.br\/index.php\/filiacao-e-anuidades\/\">https:\/\/regional3.sbenbio.org.br\/index.php\/filiacao-e-anuidades\/<\/a>. Ah, e siga-nos, tamb\u00e9m, em nossas redes sociais (<strong>@sbenbio3<\/strong>).<br>Qualquer d\u00favida, entre em contato com nossa secretaria pelo e-mail sbenbio03@gmail.com.<br>Divulgue esta circular, nosso evento e a SBEnBio com seus pares para que possamos expandir ainda mais nossa rede de conhecimento e afeto.<br><\/p>\n\n\n\n<p>At\u00e9 breve.<br><\/p>\n\n\n\n<p><strong>Promo\u00e7\u00e3o<\/strong><br>Regional 3 (RS\/SC\/PR) da SBEnBio.<br><\/p>\n\n\n\n<p><strong>Comit\u00ea organizador local<\/strong><br>Marcelo Val\u00e9rio (UFPR); Sandra Wirzbicki (UFFS\/PR); Larissa Zancan Rodrigues (SME-PMSJ\/SC); Beatriz Pereira<br>(SME-PMSJ\/SC); Leandro Siqueira Palcha (UFPR); Patr\u00edcia Barbosa (UFPR); Leonir Lorenzetti (UFPR); Rodrigo<br>Arantes Reis (UFPR); Dieison Prestes da Silveira (UFPR); Michelle Bocchi Gon\u00e7alves (UFPR).<\/p>\n\n\n\n<p><a href=\"https:\/\/regional3.sbenbio.org.br\/xi_erebio\/Circular_1_EREBioSul_2025.pdf\"><strong>Leia a vers\u00e3o em PDF<\/strong><\/a><\/p>\n\n\n\n<p><\/p>\n\n\n\n<hr class=\"wp-block-separator has-alpha-channel-opacity\"\/>\n","protected":false},"excerpt":{"rendered":"<p>Primeira Circular Cara comunidade do Ensino de Biologia e Educa\u00e7\u00e3o em Ci\u00eancias, \u00c9 com imensa alegria que informamos que o Encontro Regional Sul de Ensino de Biologia (EREBio Sul) retornar\u00e1 \u00e0 cidade onde sua hist\u00f3ria come\u00e7ou, Curitiba, capital do Paran\u00e1, em 2025. Com o tema \u201cVozes do Sul educador: 20 anos de hist\u00f3rias, mem\u00f3rias e [&hellip;]<\/p>\n","protected":false},"author":1,"featured_media":344,"comment_status":"closed","ping_status":"open","sticky":false,"template":"","format":"standard","meta":{"_et_pb_use_builder":"off","_et_pb_old_content":"","_et_gb_content_width":"","footnotes":""},"categories":[1],"tags":[],"class_list":["post-328","post","type-post","status-publish","format-standard","has-post-thumbnail","hentry","category-sem-categoria"],"_links":{"self":[{"href":"https:\/\/regional3.sbenbio.org.br\/index.php\/wp-json\/wp\/v2\/posts\/328","targetHints":{"allow":["GET"]}}],"collection":[{"href":"https:\/\/regional3.sbenbio.org.br\/index.php\/wp-json\/wp\/v2\/posts"}],"about":[{"href":"https:\/\/regional3.sbenbio.org.br\/index.php\/wp-json\/wp\/v2\/types\/post"}],"author":[{"embeddable":true,"href":"https:\/\/regional3.sbenbio.org.br\/index.php\/wp-json\/wp\/v2\/users\/1"}],"replies":[{"embeddable":true,"href":"https:\/\/regional3.sbenbio.org.br\/index.php\/wp-json\/wp\/v2\/comments?post=328"}],"version-history":[{"count":3,"href":"https:\/\/regional3.sbenbio.org.br\/index.php\/wp-json\/wp\/v2\/posts\/328\/revisions"}],"predecessor-version":[{"id":359,"href":"https:\/\/regional3.sbenbio.org.br\/index.php\/wp-json\/wp\/v2\/posts\/328\/revisions\/359"}],"wp:featuredmedia":[{"embeddable":true,"href":"https:\/\/regional3.sbenbio.org.br\/index.php\/wp-json\/wp\/v2\/media\/344"}],"wp:attachment":[{"href":"https:\/\/regional3.sbenbio.org.br\/index.php\/wp-json\/wp\/v2\/media?parent=328"}],"wp:term":[{"taxonomy":"category","embeddable":true,"href":"https:\/\/regional3.sbenbio.org.br\/index.php\/wp-json\/wp\/v2\/categories?post=328"},{"taxonomy":"post_tag","embeddable":true,"href":"https:\/\/regional3.sbenbio.org.br\/index.php\/wp-json\/wp\/v2\/tags?post=328"}],"curies":[{"name":"wp","href":"https:\/\/api.w.org\/{rel}","templated":true}]}}