{"id":284,"date":"2024-06-05T10:34:47","date_gmt":"2024-06-05T13:34:47","guid":{"rendered":"https:\/\/regional3.sbenbio.org.br\/?p=284"},"modified":"2024-06-05T10:41:30","modified_gmt":"2024-06-05T13:41:30","slug":"nota-publica-da-sbenbio-sobre-o-projeto-de-lei-345-2024-em-tramitacao-no-parana","status":"publish","type":"post","link":"https:\/\/regional3.sbenbio.org.br\/index.php\/2024\/06\/05\/nota-publica-da-sbenbio-sobre-o-projeto-de-lei-345-2024-em-tramitacao-no-parana\/","title":{"rendered":"Nota P\u00fablica da SBEnBio sobre o Projeto de Lei 345\/2024 em tramita\u00e7\u00e3o no Paran\u00e1"},"content":{"rendered":"\n<p><\/p>\n\n\n\n<p>A Associa\u00e7\u00e3o Brasileira de Ensino de Biologia (SBEnBio), por meio de sua Regional Sul (PR\/SC\/RS), vem a p\u00fablico manifestar seu rep\u00fadio \u00e0s inten\u00e7\u00f5es, ao formato e ao conte\u00fado do programa &#8220;Parceiro da Escola&#8221;, materializado no Projeto de Lei 345\/2024 no estado do Paran\u00e1.<\/p>\n\n\n\n<p>A tramita\u00e7\u00e3o a\u00e7odada, em um injustificado regime de urg\u00eancia, e a vota\u00e7\u00e3o encaminhada em via remota, com resposta violenta contra a comunidade escolar presente na Assembleia Legislativa do Paran\u00e1, s\u00e3o evid\u00eancias claras de que o Executivo Estadual e os 39 deputados que votaram favor\u00e1veis ao PL desdenham do direito \u00e0 educa\u00e7\u00e3o p\u00fablica, gratuita e de qualidade.<\/p>\n\n\n\n<p>As agress\u00f5es aos profissionais da educa\u00e7\u00e3o &#8211; que infelizmente t\u00eam se tornado uma tradi\u00e7\u00e3o paranaense &#8211; e o discurso propagandeado \u00e0s fam\u00edlias dos estudantes \u00e9 indigno de respeito e permitem questionar que interesses estariam induzindo tal pol\u00edtica p\u00fablica.<\/p>\n\n\n\n<p>Ali\u00e1s, a privatiza\u00e7\u00e3o da gest\u00e3o e administra\u00e7\u00e3o escolar \u00e9 mais uma pol\u00edtica educacional travestida de moderniza\u00e7\u00e3o, tal qual a militariza\u00e7\u00e3o das escolas e a plataformiza\u00e7\u00e3o did\u00e1tica, iniciativas que, no fundo, maquiam o conceito de qualidade educacional, desqualificam o trabalho pedag\u00f3gico e did\u00e1tico, precarizam a profiss\u00e3o de educador, desoneram os entes p\u00fablicos de suas responsabilidades sociais e transferem \u00e0 iniciativa privada os parcos recursos p\u00fablicos do setor.<\/p>\n\n\n\n<p>Recomendamos a leitura da manifesta\u00e7\u00e3o da Associa\u00e7\u00e3o Nacional de P\u00f3s-Gradua\u00e7\u00e3o e Pesquisa em Educa\u00e7\u00e3o (ANPEd), que deixa claro como o Projeto de Lei 345\/2024 entra em conflito com a Lei Geral de Prote\u00e7\u00e3o a Dados Pessoais, a Lei de Diretrizes e Bases da Educa\u00e7\u00e3o Nacional e a pr\u00f3pria Constitui\u00e7\u00e3o Federal.<\/p>\n\n\n\n<p>Todas estas compreens\u00f5es se amparam em an\u00e1lises te\u00f3ricas e emp\u00edricas, contextuais e hist\u00f3ricas, de autores e pesquisadores brasileiros e estrangeiros, a partir do que a SBEnBio ladeia a luta dos educadores paranaenses exigindo, no m\u00ednimo, a devida transpar\u00eancia e oportunidade do debate p\u00fablico, constando a participa\u00e7\u00e3o das categorias profissionais envolvidas, a min\u00facia sobre as mudan\u00e7as estruturais na rede frente \u00e0 proposta, e detalhamento do impacto or\u00e7ament\u00e1rio da medida.<\/p>\n\n\n\n<p>Curitiba, 04 de junho de 2024.<\/p>\n\n\n\n<p><a href=\"https:\/\/anped.org.br\/nota-contra-a-privatizacao-das-escolas-publicas-estaduais-no-parana\/\">SAIBA +<\/a><\/p>\n\n\n\n<hr class=\"wp-block-separator has-alpha-channel-opacity\"\/>\n","protected":false},"excerpt":{"rendered":"<p>A Associa\u00e7\u00e3o Brasileira de Ensino de Biologia (SBEnBio), por meio de sua Regional Sul (PR\/SC\/RS), vem a p\u00fablico manifestar seu rep\u00fadio \u00e0s inten\u00e7\u00f5es, ao formato e ao conte\u00fado do programa &#8220;Parceiro da Escola&#8221;, materializado no Projeto de Lei 345\/2024 no estado do Paran\u00e1. A tramita\u00e7\u00e3o a\u00e7odada, em um injustificado regime de urg\u00eancia, e a vota\u00e7\u00e3o [&hellip;]<\/p>\n","protected":false},"author":1,"featured_media":288,"comment_status":"closed","ping_status":"closed","sticky":false,"template":"","format":"standard","meta":{"_et_pb_use_builder":"off","_et_pb_old_content":"","_et_gb_content_width":"","footnotes":""},"categories":[1],"tags":[],"class_list":["post-284","post","type-post","status-publish","format-standard","has-post-thumbnail","hentry","category-sem-categoria"],"_links":{"self":[{"href":"https:\/\/regional3.sbenbio.org.br\/index.php\/wp-json\/wp\/v2\/posts\/284","targetHints":{"allow":["GET"]}}],"collection":[{"href":"https:\/\/regional3.sbenbio.org.br\/index.php\/wp-json\/wp\/v2\/posts"}],"about":[{"href":"https:\/\/regional3.sbenbio.org.br\/index.php\/wp-json\/wp\/v2\/types\/post"}],"author":[{"embeddable":true,"href":"https:\/\/regional3.sbenbio.org.br\/index.php\/wp-json\/wp\/v2\/users\/1"}],"replies":[{"embeddable":true,"href":"https:\/\/regional3.sbenbio.org.br\/index.php\/wp-json\/wp\/v2\/comments?post=284"}],"version-history":[{"count":2,"href":"https:\/\/regional3.sbenbio.org.br\/index.php\/wp-json\/wp\/v2\/posts\/284\/revisions"}],"predecessor-version":[{"id":289,"href":"https:\/\/regional3.sbenbio.org.br\/index.php\/wp-json\/wp\/v2\/posts\/284\/revisions\/289"}],"wp:featuredmedia":[{"embeddable":true,"href":"https:\/\/regional3.sbenbio.org.br\/index.php\/wp-json\/wp\/v2\/media\/288"}],"wp:attachment":[{"href":"https:\/\/regional3.sbenbio.org.br\/index.php\/wp-json\/wp\/v2\/media?parent=284"}],"wp:term":[{"taxonomy":"category","embeddable":true,"href":"https:\/\/regional3.sbenbio.org.br\/index.php\/wp-json\/wp\/v2\/categories?post=284"},{"taxonomy":"post_tag","embeddable":true,"href":"https:\/\/regional3.sbenbio.org.br\/index.php\/wp-json\/wp\/v2\/tags?post=284"}],"curies":[{"name":"wp","href":"https:\/\/api.w.org\/{rel}","templated":true}]}}